{"id":1628,"date":"2014-06-16T22:36:40","date_gmt":"2014-06-16T20:36:40","guid":{"rendered":"http:\/\/www.brannoest.no\/BBB\/?p=1628"},"modified":"2014-06-16T22:36:40","modified_gmt":"2014-06-16T20:36:40","slug":"reise-eksperten-sine-rad-om-fly-til-bergen-og-brann","status":"publish","type":"post","link":"https:\/\/www.brannoest.no\/BBB\/2014\/06\/reise-eksperten-sine-rad-om-fly-til-bergen-og-brann\/","title":{"rendered":"Reise-eksperten sine r\u00e5d om Fly til Bergen og Brann"},"content":{"rendered":"<p style=\"color: #141823;\">Jeg har sett litt p\u00e5 h\u00f8stprogrammet til Norwegian og SAS. Det er ikke lystig lesning for oss som bor i eksil p\u00e5 \u00f8stlandet.<\/p>\n<p style=\"color: #141823;\">SAS har bestemt seg for at siste fly fra Bergen til Oslo p\u00e5 s\u00f8ndag kveld skal g\u00e5 21:30 istedenfor 21:45 som n\u00e5. 15 minutter h\u00f8res kanskje mye ut, men det er mye n\u00e5r du legger til grunn at Brann ofte f\u00e5r tildelt Tv2 (hovedkanalen) sin kamp p\u00e5 s\u00f8ndager klokken 19:00. Den slutter ca 20:50. S\u00e5 heretter kan du se bort i fra SAS om Brann blir tildelt 19:00-kampen p\u00e5 s\u00f8ndager.<br \/>\nLa oss inderlig h\u00e5pe at dette ikke blir st\u00e5ende i ruteprogrammet deres i 2015.<\/p>\n<p style=\"color: #141823;\">Norwegian sitt h\u00f8stprogram er, p\u00e5 kort sikt, ikke like dramatisk. Men p\u00e5 lang sikt er det veldig, veldig dramatisk. Fra siste s\u00f8ndag i oktober vil Norwegian sitt siste fly fra Bergen til Oslo p\u00e5 s\u00f8ndager g\u00e5 s\u00e5 tidlig som 21:00. I og med at Brann p\u00e5 dette tidspunktet kun har siste hjemmekamp igjen, som begynner 18:00, er ikke dette veldig irriterende. Men om samme ruteprogram blir st\u00e5ende til neste \u00e5r betyr det at Norwegian ikke lenger er et alternativ til Brann &#8211; kamper som g\u00e5r s\u00f8ndag 19:00. Selv kamper som begynner 18:00 kan det bli utfordringer med.<\/p>\n<p style=\"color: #141823;\">I disse tider der nedrykkssp\u00f8kelset ligger som tykk t\u00e5ke p\u00e5 Kniksens Plass b\u00f8r det opplyses om at hvis Brann rykker ned vil de f\u00e5 endel Tv2 Zebra-kamper p\u00e5 mandager klokken 19:00. Mulighetene \u00e5 fly tilbake etter kampen blir da umulig. Dette er tidene for Norwegian og SAS sine siste flygninger fra Bergen til Oslo i hverdager:<\/p>\n<p style=\"color: #141823;\">SAS: 20:45<br \/>\nNorwegian: 20:40<\/p>\n<p style=\"color: #141823;\">Uansett divisjon er det dessverre bare \u00e5 forberede seg p\u00e5 flere Brann-kamper foran tven.<\/p>\n","protected":false},"excerpt":{"rendered":"<p>Jeg har sett litt p\u00e5 h\u00f8stprogrammet til Norwegian og SAS. Det er ikke lystig lesning for oss som bor i<\/p>\n","protected":false},"author":1,"featured_media":0,"comment_status":"open","ping_status":"open","sticky":false,"template":"","format":"standard","meta":[],"categories":[28],"tags":[321,235,31,234,221,42,236],"_links":{"self":[{"href":"https:\/\/www.brannoest.no\/BBB\/wp-json\/wp\/v2\/posts\/1628"}],"collection":[{"href":"https:\/\/www.brannoest.no\/BBB\/wp-json\/wp\/v2\/posts"}],"about":[{"href":"https:\/\/www.brannoest.no\/BBB\/wp-json\/wp\/v2\/types\/post"}],"author":[{"embeddable":true,"href":"https:\/\/www.brannoest.no\/BBB\/wp-json\/wp\/v2\/users\/1"}],"replies":[{"embeddable":true,"href":"https:\/\/www.brannoest.no\/BBB\/wp-json\/wp\/v2\/comments?post=1628"}],"version-history":[{"count":1,"href":"https:\/\/www.brannoest.no\/BBB\/wp-json\/wp\/v2\/posts\/1628\/revisions"}],"predecessor-version":[{"id":1629,"href":"https:\/\/www.brannoest.no\/BBB\/wp-json\/wp\/v2\/posts\/1628\/revisions\/1629"}],"wp:attachment":[{"href":"https:\/\/www.brannoest.no\/BBB\/wp-json\/wp\/v2\/media?parent=1628"}],"wp:term":[{"taxonomy":"category","embeddable":true,"href":"https:\/\/www.brannoest.no\/BBB\/wp-json\/wp\/v2\/categories?post=1628"},{"taxonomy":"post_tag","embeddable":true,"href":"https:\/\/www.brannoest.no\/BBB\/wp-json\/wp\/v2\/tags?post=1628"}],"curies":[{"name":"wp","href":"https:\/\/api.w.org\/{rel}","templated":true}]}}