{"id":2887,"date":"2016-11-25T13:59:58","date_gmt":"2016-11-25T11:59:58","guid":{"rendered":"http:\/\/www.brannoest.no\/BBB\/?p=2887"},"modified":"2016-11-25T13:59:58","modified_gmt":"2016-11-25T11:59:58","slug":"februar-kamp-i-malmo","status":"publish","type":"post","link":"https:\/\/www.brannoest.no\/BBB\/2016\/11\/februar-kamp-i-malmo\/","title":{"rendered":"Februar-kamp i Malm\u00f8"},"content":{"rendered":"<p>LAN og SK Brann hviler ikke lenge p\u00e5 laub\u00e6rene. Som en del av sesongoppkj\u00f8ringen skal SK Brann spille borte mot Malm\u00f8 FF l\u00f8rdag 25.02. P\u00e5 klassisk Brann-maner har de ikke fastsatt kamptidspunktet&#8230; kl 15 el 18.<\/p>\n<p>Enkelte \u00d8st&#8217;ere drar med fly fredagen, andre l\u00f8rdagen og enkelte kj\u00f8rer danskeb\u00e5t. Uansett reisem\u00e5te, kom deg nedover. Vi opplyser om samlingspuber og annet felles snacks.<\/p>\n<p>Vi overnatter i Kj\u00f8benhavn og tar det derfra.<\/p>\n<p>Ekte Lidenskap Har Et Navn!<\/p>\n<p>BB\u00d8 p\u00e5 Tur!<\/p>\n<figure id=\"attachment_2637\" aria-describedby=\"caption-attachment-2637\" style=\"width: 300px\" class=\"wp-caption aligncenter\"><a href=\"http:\/\/www.brannoest.no\/BBB\/wp-content\/uploads\/2016\/05\/Ny-bb\u00f8-logo-2016.png\"><img decoding=\"async\" loading=\"lazy\" class=\"size-medium wp-image-2637\" src=\"http:\/\/www.brannoest.no\/BBB\/wp-content\/uploads\/2016\/05\/Ny-bb\u00f8-logo-2016-300x300.png\" alt=\"BB\u00d8 Logo\" width=\"300\" height=\"300\" srcset=\"https:\/\/www.brannoest.no\/BBB\/wp-content\/uploads\/2016\/05\/Ny-bb\u00f8-logo-2016-300x300.png 300w, https:\/\/www.brannoest.no\/BBB\/wp-content\/uploads\/2016\/05\/Ny-bb\u00f8-logo-2016-150x150.png 150w, https:\/\/www.brannoest.no\/BBB\/wp-content\/uploads\/2016\/05\/Ny-bb\u00f8-logo-2016.png 406w\" sizes=\"(max-width: 300px) 100vw, 300px\" \/><\/a><figcaption id=\"caption-attachment-2637\" class=\"wp-caption-text\">BB\u00d8 Logo<\/figcaption><\/figure>\n","protected":false},"excerpt":{"rendered":"<p>LAN og SK Brann hviler ikke lenge p\u00e5 laub\u00e6rene. Som en del av sesongoppkj\u00f8ringen skal SK Brann spille borte mot<\/p>\n","protected":false},"author":1,"featured_media":0,"comment_status":"open","ping_status":"open","sticky":false,"template":"","format":"standard","meta":[],"categories":[28],"tags":[425,322,424,423],"_links":{"self":[{"href":"https:\/\/www.brannoest.no\/BBB\/wp-json\/wp\/v2\/posts\/2887"}],"collection":[{"href":"https:\/\/www.brannoest.no\/BBB\/wp-json\/wp\/v2\/posts"}],"about":[{"href":"https:\/\/www.brannoest.no\/BBB\/wp-json\/wp\/v2\/types\/post"}],"author":[{"embeddable":true,"href":"https:\/\/www.brannoest.no\/BBB\/wp-json\/wp\/v2\/users\/1"}],"replies":[{"embeddable":true,"href":"https:\/\/www.brannoest.no\/BBB\/wp-json\/wp\/v2\/comments?post=2887"}],"version-history":[{"count":1,"href":"https:\/\/www.brannoest.no\/BBB\/wp-json\/wp\/v2\/posts\/2887\/revisions"}],"predecessor-version":[{"id":2888,"href":"https:\/\/www.brannoest.no\/BBB\/wp-json\/wp\/v2\/posts\/2887\/revisions\/2888"}],"wp:attachment":[{"href":"https:\/\/www.brannoest.no\/BBB\/wp-json\/wp\/v2\/media?parent=2887"}],"wp:term":[{"taxonomy":"category","embeddable":true,"href":"https:\/\/www.brannoest.no\/BBB\/wp-json\/wp\/v2\/categories?post=2887"},{"taxonomy":"post_tag","embeddable":true,"href":"https:\/\/www.brannoest.no\/BBB\/wp-json\/wp\/v2\/tags?post=2887"}],"curies":[{"name":"wp","href":"https:\/\/api.w.org\/{rel}","templated":true}]}}